{"id":124,"date":"2018-05-26T02:42:48","date_gmt":"2018-05-26T05:42:48","guid":{"rendered":"https:\/\/alegriadoamor.wordpress.com\/?p=124"},"modified":"2018-05-26T02:42:48","modified_gmt":"2018-05-26T05:42:48","slug":"casamento-real-o-nosso","status":"publish","type":"post","link":"https:\/\/alegriadoamor.com\/index.php\/2018\/05\/26\/casamento-real-o-nosso\/","title":{"rendered":"Casamento Real (o nosso)"},"content":{"rendered":"<p>Em janeiro deste ano, comemoramos 10 anos de casados. Com alegria e gratid\u00e3o, reunimos amigos e familiares queridos, em uma singela Eucaristia (A\u00e7\u00e3o de Gra\u00e7as!), naquela mesma igreja paulistana, onde celebramos nosso compromisso de amor total e definitivo, em 12 de janeiro de 2008. Nossos 5 filhos ficaram muito contentes por conhecerem aquele lugar t\u00e3o especial para n\u00f3s dois, e por participarem dessa festa de anivers\u00e1rio da funda\u00e7\u00e3o da nossa fam\u00edlia. Como dizia o nosso convite de casamento: &#8220;nos escolhemos&#8230; porque o Amor nos escolheu!&#8221; E seguimos experimentando a for\u00e7a desse Sacramento, renovando a nossa decis\u00e3o e nos escolhendo a cada novo dia, confiando no Amor de Deus e amparados por Ele.<\/p>\n<p>Por gra\u00e7a de Deus, nosso matrim\u00f4nio experimenta uma grande fecundidade. N\u00e3o somente biol\u00f3gica, mas tamb\u00e9m espiritual e afetiva, sendo um acontecimento importante tamb\u00e9m para a vida de quem acompanha a nossa hist\u00f3ria. H\u00e1 10 anos, estava ali um noivo ex-agn\u00f3stico que, pela primeira vez, fazia sua comunh\u00e3o eucar\u00edstica (gra\u00e7as \u00e0 uma profunda experi\u00eancia do Amor misericordioso de Deus, vivenciada 4 meses antes). Estava ali uma noiva que, por alguns anos, havia pensado em ser freira (por desejo de ofertar a vida, mas tamb\u00e9m por medo do casamento, devido a uma hist\u00f3ria familiar complicada), que agora dizia SIM \u00e0 sua voca\u00e7\u00e3o, com coragem e confian\u00e7a na Miseric\u00f3rdia de Deus. Est\u00e1vamos os dois, cercados por centenas de amigos e familiares, experimentando gotas de C\u00e9u na terra. Foi tudo infinitamente mais bonito do que poder\u00edamos sonhar&#8230; gra\u00e7as ao Amor providente de Deus, que se manifesta sempre, atrav\u00e9s de cada pessoa que Lhe abre espa\u00e7o.<!--more--><\/p>\n<p>Lembro-me (como se fosse ontem) daquele dia em que conversamos longamente sobre nosso projeto de vida e sobre nosso desejo de nos amar para sempre, assumindo o compromisso p\u00fablico do amor e construindo uma fam\u00edlia. Fomos inundados de certeza e de alegria. Escolhemos a data, que seria no meio das f\u00e9rias, logo depois da formatura do Estev\u00e3o. Faltavam 7 meses. Fizemos algumas contas no papel, listando aquilo que consider\u00e1vamos importante para que o casamento acontecesse, a come\u00e7ar pelos gastos &#8220;irrenunci\u00e1veis&#8221;. T\u00ednhamos que fazer caber tudo em R$ 2.000,00 (isso mesmo: dois mil reais!), que era uma estimativa do que conseguir\u00edamos juntar at\u00e9 a data do casamento. Eu tinha ideia dos gastos, por ter acompanhado de perto alguns casais nessa prepara\u00e7\u00e3o. No entanto, escolhemos um caminho alternativo, que estivesse dentro da nossa realidade. Optamos radicalmente pela simplicidade e nossa lista ficou mais ou menos assim:<\/p>\n<p>&#8211; Cart\u00f3rio: R$ 260,00 (inegoci\u00e1vel)<br \/>\n&#8211; Alian\u00e7as: R$ 200,00 (as mais simples poss\u00edvel)<br \/>\n&#8211; Igreja: R$ 300,00 (era o valor padr\u00e3o&#8230; poder\u00edamos tentar um desconto)<br \/>\n&#8211; Vestido da noiva: R$ 50,00 (sim, eu estimei gastar &#8220;cinquenta reais&#8221; no meu vestido&#8230; meu pensamento foi: ou eu arrumo um vestido emprestado e mando lavar, ou compro um indiano branco na feira hippie!)<br \/>\n&#8211; Sapato ou sand\u00e1lia: R$ 50,00 (compraria um\/a que desse para usar depois, em outras ocasi\u00f5es)<br \/>\n&#8211; Gravata do noivo: R$ 30,00 (ele j\u00e1 tinha um terno e sapato em bom estado)<br \/>\n&#8211; Decora\u00e7\u00e3o + buqu\u00ea: R$ 100,00 (comprar\u00edamos as flores na CEAGESP e far\u00edamos os arranjos em casa)<br \/>\n&#8211; Convites: R$ 30,00 (far\u00edamos n\u00f3s mesmos e enviar\u00edamos a maioria por e-mail)<br \/>\n&#8211; Bolo e guaran\u00e1: R$ 200,00 ou R$ 300,00 (a depender da quantidade de pessoas)<br \/>\n&#8211; M\u00fasica: &#8212; (os amigos nos dariam esse presente)<br \/>\n&#8211; Cabelo e maquiagem: &#8212; (as amigas me ajudariam nessa arruma\u00e7\u00e3o)<br \/>\n&#8211; Fotografias: &#8212; (pedir\u00edamos a alguns queridos entendidos que nos fizessem esse favor)<br \/>\n&#8211; Lua de mel: R$ 500,00 (nosso principal investimento! A ideia era passar alguns dias em uma pousadinha simples, entre S\u00e3o Paulo e o Rio)<\/p>\n<p>Quando terminamos nossa lista e vimos que seria poss\u00edvel casar, nosso cora\u00e7\u00e3o experimentou uma grande paz, que confirmava a nossa decis\u00e3o. Comunicamos, ent\u00e3o, a boa not\u00edcia aos nossos pais, que foram surpreendidos pela nossa &#8220;coragem&#8221;. \u00cdamos completar dois anos de namoro. Nesse momento da vida, eu trabalhava apenas uma manh\u00e3 por semana, e ganhava R$ 500,00 por m\u00eas, dos quais gastava a metade para encontrar o Estev\u00e3o (eu j\u00e1 estava morando no Rio h\u00e1 quase um ano, e ele ainda terminando o curso de m\u00fasica em S\u00e3o Paulo). O restante, eu guardava na poupan\u00e7a, que j\u00e1 somava quase R$ 900,00 (!!). Ele n\u00e3o tinha como economizar nada nesse tempo, tudo o que ganhava era consumido na sua sobreviv\u00eancia em SP. Por causa disso, alguns nos chamaram de &#8220;loucos&#8221;, como se n\u00e3o tiv\u00e9ssemos no\u00e7\u00e3o da &#8220;realidade&#8221; e quiseram nos convencer de que dev\u00edamos adiar um pouco essa oficializa\u00e7\u00e3o, para podermos nos &#8220;organizar&#8221; melhor. Mas, realmente, n\u00e3o era a quest\u00e3o financeira que nos importava. O nosso cora\u00e7\u00e3o estava voltado para o essencial: a certeza do amor entre n\u00f3s e o desejo\/decis\u00e3o de nos amar para sempre, compartilhando toda a nossa exist\u00eancia.<\/p>\n<p>T\u00ednhamos convic\u00e7\u00e3o de que era a hora certa de dar esse passo. E n\u00e3o nos trazia paz ou alegria pensar em adi\u00e1-lo para juntarmos e gastarmos mais dinheiro com o casamento. Sab\u00edamos que n\u00e3o poder\u00edamos bancar uma festa para todas as pessoas queridas por n\u00f3s. Tampouco ach\u00e1vamos que dever\u00edamos fazer uma lista super restrita de convidados, deixando uma multid\u00e3o de pessoas queridas de fora. Por isso, pensamos em celebrar nossa uni\u00e3o na grande festa que \u00e9 a Missa, e depois partilharmos um bolinho no sal\u00e3o da igreja. Mas isso n\u00e3o deu certo&#8230; os amigos n\u00e3o aceitaram! Queriam mais tempo para festejar e confraternizar (e \u00e9 claro que n\u00f3s tamb\u00e9m gostar\u00edamos). Surgiu a ideia de procurarmos um restaurante naquelas redondezas, que acomodasse umas 300 pessoas e que tivesse um rod\u00edzio de pizzas bom e barato, para que cada um pagasse o seu pr\u00f3prio consumo. E assim foi feito! Alguns amigos-irm\u00e3os se empenharam nessa busca e encontraram um bom lugar, negociaram um bom pre\u00e7o e reservaram para n\u00f3s. Foram 7 horas de festa! Com direito \u00e0 m\u00fasica ao vivo e muita alegria!<\/p>\n<p>Ganhamos de amigos o bolo, as flores, a m\u00fasica, a fotografia, a filmagem, a decora\u00e7\u00e3o, um chal\u00e9 emprestado em Campos do Jord\u00e3o para a nossa lua de mel. Ganhei penteado, maquiagem e unha em sal\u00e3o profissional, e at\u00e9 um banho especial (com direito a p\u00e9talas de rosas!) na banheira de hidromassagem da casa nova da querida Marina, que me preparou um delicioso &#8220;dia de noiva&#8221; (eu nunca pensei que teria algo assim). O buqu\u00ea e os arranjos foram criados pelo querido Kemel (amigo que nos apresentou), com rosas vermelhas, brancas e amarelas (cores que escolhi inspirada em N. S. da Rosa M\u00edstica). As meninas amigas-irm\u00e3s amadas, com quem eu havia morado em SP, decoraram a igreja (alguns minutos antes da celebra\u00e7\u00e3o). N\u00f3s, que n\u00e3o alugamos o tapete vermelho, fomos surpreendidos com um lindo caminho de rosas vermelhas, que enfeitava todo o corredor central. Ficamos emocionados com a beleza e profundidade dos coment\u00e1rios (escritos e lidos por um casal muito querido) durante a celebra\u00e7\u00e3o lit\u00fargica. Realmente, foi tudo muito bonito e especial, com sabor de vida compartilhada.<\/p>\n\n\t\t<style type=\"text\/css\">\n\t\t\t#gallery-1 {\n\t\t\t\tmargin: auto;\n\t\t\t}\n\t\t\t#gallery-1 .gallery-item {\n\t\t\t\tfloat: left;\n\t\t\t\tmargin-top: 10px;\n\t\t\t\ttext-align: center;\n\t\t\t\twidth: 33%;\n\t\t\t}\n\t\t\t#gallery-1 img {\n\t\t\t\tborder: 2px solid #cfcfcf;\n\t\t\t}\n\t\t\t#gallery-1 .gallery-caption {\n\t\t\t\tmargin-left: 0;\n\t\t\t}\n\t\t\t\/* see gallery_shortcode() in wp-includes\/media.php *\/\n\t\t<\/style>\n\t\t<div id='gallery-1' class='gallery galleryid-124 gallery-columns-3 gallery-size-thumbnail'><dl class='gallery-item'>\n\t\t\t<dt class='gallery-icon landscape'>\n\t\t\t\t<a href='https:\/\/alegriadoamor.com\/index.php\/2018\/05\/26\/casamento-real-o-nosso\/casamento-00038\/'><img loading=\"lazy\" decoding=\"async\" width=\"150\" height=\"150\" src=\"https:\/\/alegriadoamor.com\/wp-content\/uploads\/2018\/05\/casamento-00038-150x150.jpg\" class=\"attachment-thumbnail size-thumbnail\" alt=\"\" \/><\/a>\n\t\t\t<\/dt><\/dl><dl class='gallery-item'>\n\t\t\t<dt class='gallery-icon landscape'>\n\t\t\t\t<a href='https:\/\/alegriadoamor.com\/index.php\/2018\/05\/26\/casamento-real-o-nosso\/casamento-00038-2\/'><img loading=\"lazy\" decoding=\"async\" width=\"150\" height=\"150\" src=\"https:\/\/alegriadoamor.com\/wp-content\/uploads\/2018\/05\/casamento-00038-1-150x150.jpg\" class=\"attachment-thumbnail size-thumbnail\" alt=\"\" \/><\/a>\n\t\t\t<\/dt><\/dl><dl class='gallery-item'>\n\t\t\t<dt class='gallery-icon landscape'>\n\t\t\t\t<a href='https:\/\/alegriadoamor.com\/index.php\/2018\/05\/26\/casamento-real-o-nosso\/casamento-00195\/'><img loading=\"lazy\" decoding=\"async\" width=\"150\" height=\"150\" src=\"https:\/\/alegriadoamor.com\/wp-content\/uploads\/2018\/05\/casamento-00195-150x150.jpg\" class=\"attachment-thumbnail size-thumbnail\" alt=\"\" \/><\/a>\n\t\t\t<\/dt><\/dl><br style=\"clear: both\" \/>\n\t\t<\/div>\n\n<p>Quanto ao vestido, foi mais uma manifesta\u00e7\u00e3o da Provid\u00eancia Divina: quando comentei com minha prima Ma\u00edra que estava de casamento marcado para dali a 6 meses, ela me perguntou se j\u00e1 estava tudo organizado e se eu j\u00e1 tinha o vestido, ao que respondi, descontraidamente, que n\u00e3o tinha nada ainda, somente o noivo (risos!), e que achava que iria comprar um vestido branco indiano. Com cara de espanto, ela foi dizendo: &#8220;como assim?? est\u00e1 falando s\u00e9rio??&#8221;, quando se lembrou que ela mesma tinha um vestido de noiva lindo, guardado h\u00e1 uns 15 anos, ganhado de presente de uma amiga do seu pai, e que devia estar na casa de sua av\u00f3 paterna. Fomos at\u00e9 l\u00e1 e o encontramos, numa caixa amarelada pelo tempo. Quando ela tirou aquela &#8220;rel\u00edquia&#8221; da caixa e me mostrou, fiquei muito emocionada. Percebi que, se eu fosse desenhar um vestido e escolher seus detalhes, seria exatamente daquele jeito!! Foi incr\u00edvel. E ele me serviu quase perfeitamente, a n\u00e3o ser por um cent\u00edmetro nas costas, que foi resolvido por uma tia querida. A partir dali, come\u00e7ou a saga para encontrar uma lavanderia honesta (fui em 5, e chegaram a me cobrar R$ 250,00 pela lavagem do vestido!). Finalmente, descobri uma lavanderia pequena, onde fui atendida por uma mo\u00e7a muito simples e atenciosa. Ela analisou bem o vestido, as manchas, as pedras&#8230; Perguntou se eu tinha pressa, pois talvez demorasse um pouco. Respondi que ainda faltavam 6 meses para o casamento e perguntei quanto ela me cobraria pelo servi\u00e7o. Adivinhe qual foi a resposta dela? R$ 50,00!! Confesso que isso foi surpreendente at\u00e9 para mim, que j\u00e1 estava achando que tinha exagerado na estimativa inicial. Mas, sem d\u00favida, esse detalhe foi mais um sinal precioso &#8211; e preciso &#8211; do carinho de Deus, manifestado em nossa hist\u00f3ria.<\/p>\n<p>E quando fomos reservar a igreja (minha querida par\u00f3quia Nossa Senhora dos Pobres), o padre nos deu 50% de desconto, porque eu havia sido catequista l\u00e1 durante algum tempo. No final das contas, gastamos bem menos do que prev\u00edamos. E ganhamos infinitamente mais! Ali\u00e1s, n\u00e3o imagin\u00e1vamos a quantidade de pessoas que se envolveriam na realiza\u00e7\u00e3o daquele dia t\u00e3o importante da nossa vida. Foi comovente. Maravilhoso, tamb\u00e9m, foi receber o abra\u00e7o de tantos que vieram de longe e nos emocionaram com sua presen\u00e7a. E como foi forte o momento da Comunh\u00e3o Eucar\u00edstica, em que o Estev\u00e3o manifestava publicamente a sua experi\u00eancia de convers\u00e3o. \u00c9 inesquec\u00edvel o momento de A\u00e7\u00e3o de Gra\u00e7as, onde toda a igreja cantava em un\u00edssono a Ora\u00e7\u00e3o de S\u00e3o Francisco (que segue sendo um hino para nossa vida). Foram tantos e t\u00e3o belos detalhes que marcaram aquele dia! E eles ainda tecem nossas mem\u00f3rias e inspiram nosso cotidiano familiar. Infelizmente, n\u00e3o me \u00e9 poss\u00edvel narrar tudo aqui (quem sabe um dia gravamos um v\u00eddeo para contar mais =), mas quero, neste breve e resumido relato, aproveitar para agradecer a tantos amigos e amigas que, por ocasi\u00e3o daquela celebra\u00e7\u00e3o, nos constrangeram com seu amor em ato, sendo sinais e express\u00e3o do Amor que nos uniu. De fato, &#8220;quem encontrou um amigo, encontrou um tesouro&#8221; (Eclo 6,14).<\/p>\n<p>H\u00e1 bastante tempo, eu desejava escrever sobre o nosso casamento. Essa semana tive uma motiva\u00e7\u00e3o a mais&#8230; Em nosso &#8220;casamento real&#8221;, cada detalhe teve o perfume da generosa Provid\u00eancia Divina e da amizade fraterna, que foi constru\u00edda no Amor. Em nossa vida real, continuamos experimentando a mesma generosidade de Deus e das pessoas \u00e0 nossa volta. Em nosso casamento real, a verdadeira beleza \u00e9 a soberania do Amor. Em nosso cotidiano real, buscamos primeiro o Reino de Deus e a Sua Justi\u00e7a. Em nossa fam\u00edlia real, toda a vida \u00e9 liturgia. Afinal, por nosso Batismo, participamos do sacerd\u00f3cio, do profetismo e da realeza de Cristo.<\/p>\n","protected":false},"excerpt":{"rendered":"<p>Em janeiro deste ano, comemoramos 10 anos de casados. Com alegria e gratid\u00e3o, reunimos amigos e familiares queridos, em uma singela Eucaristia (A\u00e7\u00e3o de Gra\u00e7as!), naquela mesma igreja paulistana, onde celebramos nosso compromisso de amor total e definitivo, em 12&#8230; <a class=\"more-link\" href=\"https:\/\/alegriadoamor.com\/index.php\/2018\/05\/26\/casamento-real-o-nosso\/\">Continue Reading &rarr;<\/a><\/p>\n","protected":false},"author":2,"featured_media":128,"comment_status":"open","ping_status":"open","sticky":false,"template":"","format":"standard","meta":{"footnotes":""},"categories":[3,16,11,12],"tags":[18,19,21,26,33],"_links":{"self":[{"href":"https:\/\/alegriadoamor.com\/index.php\/wp-json\/wp\/v2\/posts\/124"}],"collection":[{"href":"https:\/\/alegriadoamor.com\/index.php\/wp-json\/wp\/v2\/posts"}],"about":[{"href":"https:\/\/alegriadoamor.com\/index.php\/wp-json\/wp\/v2\/types\/post"}],"author":[{"embeddable":true,"href":"https:\/\/alegriadoamor.com\/index.php\/wp-json\/wp\/v2\/users\/2"}],"replies":[{"embeddable":true,"href":"https:\/\/alegriadoamor.com\/index.php\/wp-json\/wp\/v2\/comments?post=124"}],"version-history":[{"count":0,"href":"https:\/\/alegriadoamor.com\/index.php\/wp-json\/wp\/v2\/posts\/124\/revisions"}],"wp:featuredmedia":[{"embeddable":true,"href":"https:\/\/alegriadoamor.com\/index.php\/wp-json\/wp\/v2\/media\/128"}],"wp:attachment":[{"href":"https:\/\/alegriadoamor.com\/index.php\/wp-json\/wp\/v2\/media?parent=124"}],"wp:term":[{"taxonomy":"category","embeddable":true,"href":"https:\/\/alegriadoamor.com\/index.php\/wp-json\/wp\/v2\/categories?post=124"},{"taxonomy":"post_tag","embeddable":true,"href":"https:\/\/alegriadoamor.com\/index.php\/wp-json\/wp\/v2\/tags?post=124"}],"curies":[{"name":"wp","href":"https:\/\/api.w.org\/{rel}","templated":true}]}}